{"id":1171,"date":"2023-08-28T17:09:20","date_gmt":"2023-08-28T17:09:20","guid":{"rendered":"https:\/\/creandolibros.es\/encuadernacion-y-acuarela-en-santander-2\/?p=1171"},"modified":"2023-09-01T19:47:13","modified_gmt":"2023-09-01T19:47:13","slug":"clases-de-creatividad-infantil-2023-2024","status":"publish","type":"post","link":"https:\/\/creandolibros.es\/encuadernacion-y-acuarela-en-santander-2\/clases-de-creatividad-infantil-2023-2024\/","title":{"rendered":"Clases de creatividad infantil 2023-2024"},"content":{"rendered":"\n<p><\/p>\n\n\n\n<h2 class=\"wp-block-heading\">Clases de creatividad infantil 2023-2024, en Santander<\/h2>\n\n\n\n<p>    Clases de creatividad infantil 2023-2024, en Santander. Retomamos <a href=\"https:\/\/creandolibros.es\/encuadernacion-y-acuarela-en-santander-2\/clases-de-creatividad-infantil-4\/\">nuestras clases<\/a> regulares de creatividad infantil, <strong>a partir del 7 de septiembre<\/strong>. Este nuevo curso empezaremos con el proyecto de \u201cCuaderno de trabajo\u201d. Las alumnas crear\u00e1n un cuaderno que servir\u00e1 de base para los diversos proyectos a los que dar\u00e1n forma, a lo largo del curso. Ser\u00e1 cuaderno de ideas, de bocetos y soporte art\u00edstico. Un laboratorio en papel creado por ellas mismas, y cuya realizaci\u00f3n les permitir\u00e1 adentrarse en las t\u00e9cnicas de la <a href=\"https:\/\/creandolibros.es\/encuadernacion-y-acuarela-en-santander-2\/clases-de-encuadernacion-2\/\">encuadernaci<\/a><a href=\"https:\/\/es.wikipedia.org\/wiki\/Encuadernaci%C3%B3n\">\u00f3n<\/a>. Y eso ser\u00e1 solo el principio del curso.<br>    Nuestra clase de creatividad se imparte todos <strong>los jueves, no festivos, de 17:15 a 18:45 h.<\/strong> Es una clase de grupo, con no m\u00e1s de cinco participantes. <strong>El precio es 50 \u20ac al mes, <\/strong>por una clase de hora y media a la semana. <strong>Con una matr\u00edcula inicial de 50 \u20ac, a pagar el primer mes<\/strong>, si te inicias ahora. Si llevas m\u00e1s de un a\u00f1o con nosotros, el precio de la matr\u00edcula ser\u00e1 de 30 \u20ac. Para participar se requiere <strong>hacer cumplido los 8 a\u00f1os<\/strong>, y tener ganas de experimentar y divertirse.<\/p>\n\n\n<div class=\"wp-block-image\">\n<figure class=\"aligncenter size-full\"><img loading=\"lazy\" decoding=\"async\" width=\"631\" height=\"900\" src=\"https:\/\/creandolibros.es\/wp-content\/uploads\/1-CARTEL-GENERAL-CREATIVIDAD-2023-900-1.jpg\" alt=\"Clases de creatividad infantil 2023-2024, en Santander, en la escuela Creando libros. Impartido por Montserrat Mu\u00f1oz y Tom\u00e1s Hoya\" class=\"wp-image-1254\" srcset=\"https:\/\/creandolibros.es\/wp-content\/uploads\/1-CARTEL-GENERAL-CREATIVIDAD-2023-900-1.jpg 631w, https:\/\/creandolibros.es\/wp-content\/uploads\/1-CARTEL-GENERAL-CREATIVIDAD-2023-900-1-210x300.jpg 210w\" sizes=\"auto, (max-width: 631px) 100vw, 631px\" \/><\/figure>\n<\/div>","protected":false},"excerpt":{"rendered":"<p>Clases de creatividad infantil 2023-2024, en Santander Clases de creatividad infantil 2023-2024, en Santander. Retomamos nuestras clases regulares de creatividad infantil, a partir del 7 de septiembre. Este nuevo curso empezaremos con el proyecto de \u201cCuaderno de trabajo\u201d. Las alumnas crear\u00e1n un cuaderno que servir\u00e1 de base para los diversos proyectos a los que dar\u00e1n [&hellip;]<\/p>\n","protected":false},"author":2,"featured_media":1254,"comment_status":"open","ping_status":"closed","sticky":false,"template":"","format":"standard","meta":{"footnotes":""},"categories":[20,4,19],"tags":[22,21],"class_list":["post-1171","post","type-post","status-publish","format-standard","has-post-thumbnail","hentry","category-creatividad","category-curso","category-infantil","tag-creatividad","tag-infantil","has-thumbnail"],"yoast_head":"<!-- This site is optimized with the Yoast SEO plugin v27.5 - https:\/\/yoast.com\/product\/yoast-seo-wordpress\/ -->\n<title>Clases de creatividad infantil 2023-2024 - Creando libros<\/title>\n<meta name=\"description\" content=\"Clases de creatividad infantil 2023-2024, en Santander, en Creando Libros. Impartido por Montserrat Mu\u00f1oz y Tom\u00e1s Hoya.\" \/>\n<meta name=\"robots\" content=\"index, follow, max-snippet:-1, max-image-preview:large, max-video-preview:-1\" \/>\n<link rel=\"canonical\" href=\"https:\/\/creandolibros.es\/encuadernacion-y-acuarela-en-santander-2\/clases-de-creatividad-infantil-2023-2024\/\" \/>\n<meta property=\"og:locale\" content=\"es_ES\" \/>\n<meta property=\"og:type\" content=\"article\" \/>\n<meta property=\"og:title\" content=\"Clases de creatividad infantil 2023-2024 - Creando libros\" \/>\n<meta property=\"og:description\" content=\"Clases de creatividad infantil 2023-2024, en Santander, en Creando Libros. Impartido por Montserrat Mu\u00f1oz y Tom\u00e1s Hoya.\" \/>\n<meta property=\"og:url\" content=\"https:\/\/creandolibros.es\/encuadernacion-y-acuarela-en-santander-2\/clases-de-creatividad-infantil-2023-2024\/\" \/>\n<meta property=\"og:site_name\" content=\"Creando libros\" \/>\n<meta property=\"article:publisher\" content=\"https:\/\/www.facebook.com\/creandolibrosarte\" \/>\n<meta property=\"article:published_time\" content=\"2023-08-28T17:09:20+00:00\" \/>\n<meta property=\"article:modified_time\" content=\"2023-09-01T19:47:13+00:00\" \/>\n<meta property=\"og:image\" content=\"https:\/\/creandolibros.es\/wp-content\/uploads\/1-CARTEL-GENERAL-CREATIVIDAD-2023-900-1.jpg\" \/>\n\t<meta property=\"og:image:width\" content=\"631\" \/>\n\t<meta property=\"og:image:height\" content=\"900\" \/>\n\t<meta property=\"og:image:type\" content=\"image\/jpeg\" \/>\n<meta name=\"author\" content=\"Tom\u00e1s\" \/>\n<meta name=\"twitter:card\" content=\"summary_large_image\" \/>\n<script type=\"application\/ld+json\" class=\"yoast-schema-graph\">{\"@context\":\"https:\\\/\\\/schema.org\",\"@graph\":[{\"@type\":\"Article\",\"@id\":\"https:\\\/\\\/creandolibros.es\\\/encuadernacion-y-acuarela-en-santander-2\\\/clases-de-creatividad-infantil-2023-2024\\\/#article\",\"isPartOf\":{\"@id\":\"https:\\\/\\\/creandolibros.es\\\/encuadernacion-y-acuarela-en-santander-2\\\/clases-de-creatividad-infantil-2023-2024\\\/\"},\"author\":{\"name\":\"Tom\u00e1s\",\"@id\":\"https:\\\/\\\/creandolibros.es\\\/encuadernacion-y-acuarela-en-santander-2\\\/#\\\/schema\\\/person\\\/d0ac6c38d2699258865759f57007146b\"},\"headline\":\"Clases de creatividad infantil 2023-2024\",\"datePublished\":\"2023-08-28T17:09:20+00:00\",\"dateModified\":\"2023-09-01T19:47:13+00:00\",\"mainEntityOfPage\":{\"@id\":\"https:\\\/\\\/creandolibros.es\\\/encuadernacion-y-acuarela-en-santander-2\\\/clases-de-creatividad-infantil-2023-2024\\\/\"},\"wordCount\":198,\"commentCount\":0,\"publisher\":{\"@id\":\"https:\\\/\\\/creandolibros.es\\\/encuadernacion-y-acuarela-en-santander-2\\\/#organization\"},\"image\":{\"@id\":\"https:\\\/\\\/creandolibros.es\\\/encuadernacion-y-acuarela-en-santander-2\\\/clases-de-creatividad-infantil-2023-2024\\\/#primaryimage\"},\"thumbnailUrl\":\"https:\\\/\\\/creandolibros.es\\\/wp-content\\\/uploads\\\/1-CARTEL-GENERAL-CREATIVIDAD-2023-900-1.jpg\",\"keywords\":[\"creatividad\",\"infantil\"],\"articleSection\":[\"creatividad\",\"Curso\",\"infantil\"],\"inLanguage\":\"es\",\"potentialAction\":[{\"@type\":\"CommentAction\",\"name\":\"Comment\",\"target\":[\"https:\\\/\\\/creandolibros.es\\\/encuadernacion-y-acuarela-en-santander-2\\\/clases-de-creatividad-infantil-2023-2024\\\/#respond\"]}]},{\"@type\":\"WebPage\",\"@id\":\"https:\\\/\\\/creandolibros.es\\\/encuadernacion-y-acuarela-en-santander-2\\\/clases-de-creatividad-infantil-2023-2024\\\/\",\"url\":\"https:\\\/\\\/creandolibros.es\\\/encuadernacion-y-acuarela-en-santander-2\\\/clases-de-creatividad-infantil-2023-2024\\\/\",\"name\":\"Clases de creatividad infantil 2023-2024 - Creando libros\",\"isPartOf\":{\"@id\":\"https:\\\/\\\/creandolibros.es\\\/encuadernacion-y-acuarela-en-santander-2\\\/#website\"},\"primaryImageOfPage\":{\"@id\":\"https:\\\/\\\/creandolibros.es\\\/encuadernacion-y-acuarela-en-santander-2\\\/clases-de-creatividad-infantil-2023-2024\\\/#primaryimage\"},\"image\":{\"@id\":\"https:\\\/\\\/creandolibros.es\\\/encuadernacion-y-acuarela-en-santander-2\\\/clases-de-creatividad-infantil-2023-2024\\\/#primaryimage\"},\"thumbnailUrl\":\"https:\\\/\\\/creandolibros.es\\\/wp-content\\\/uploads\\\/1-CARTEL-GENERAL-CREATIVIDAD-2023-900-1.jpg\",\"datePublished\":\"2023-08-28T17:09:20+00:00\",\"dateModified\":\"2023-09-01T19:47:13+00:00\",\"description\":\"Clases de creatividad infantil 2023-2024, en Santander, en Creando Libros. Impartido por Montserrat Mu\u00f1oz y Tom\u00e1s Hoya.\",\"breadcrumb\":{\"@id\":\"https:\\\/\\\/creandolibros.es\\\/encuadernacion-y-acuarela-en-santander-2\\\/clases-de-creatividad-infantil-2023-2024\\\/#breadcrumb\"},\"inLanguage\":\"es\",\"potentialAction\":[{\"@type\":\"ReadAction\",\"target\":[\"https:\\\/\\\/creandolibros.es\\\/encuadernacion-y-acuarela-en-santander-2\\\/clases-de-creatividad-infantil-2023-2024\\\/\"]}]},{\"@type\":\"ImageObject\",\"inLanguage\":\"es\",\"@id\":\"https:\\\/\\\/creandolibros.es\\\/encuadernacion-y-acuarela-en-santander-2\\\/clases-de-creatividad-infantil-2023-2024\\\/#primaryimage\",\"url\":\"https:\\\/\\\/creandolibros.es\\\/wp-content\\\/uploads\\\/1-CARTEL-GENERAL-CREATIVIDAD-2023-900-1.jpg\",\"contentUrl\":\"https:\\\/\\\/creandolibros.es\\\/wp-content\\\/uploads\\\/1-CARTEL-GENERAL-CREATIVIDAD-2023-900-1.jpg\",\"width\":631,\"height\":900,\"caption\":\"Clases de creatividad infantil 2023-2024, en Santander, en la escuela Creando libros. Impartido por Montserrat Mu\u00f1oz y Tom\u00e1s Hoya\"},{\"@type\":\"BreadcrumbList\",\"@id\":\"https:\\\/\\\/creandolibros.es\\\/encuadernacion-y-acuarela-en-santander-2\\\/clases-de-creatividad-infantil-2023-2024\\\/#breadcrumb\",\"itemListElement\":[{\"@type\":\"ListItem\",\"position\":1,\"name\":\"Portada\",\"item\":\"https:\\\/\\\/creandolibros.es\\\/encuadernacion-y-acuarela-en-santander-2\\\/\"},{\"@type\":\"ListItem\",\"position\":2,\"name\":\"Clases de creatividad infantil 2023-2024\"}]},{\"@type\":\"WebSite\",\"@id\":\"https:\\\/\\\/creandolibros.es\\\/encuadernacion-y-acuarela-en-santander-2\\\/#website\",\"url\":\"https:\\\/\\\/creandolibros.es\\\/encuadernacion-y-acuarela-en-santander-2\\\/\",\"name\":\"Creando libros\",\"description\":\"Escuela de encuadernaci\u00f3n artesanal y t\u00e9cnicas art\u00edsticas\",\"publisher\":{\"@id\":\"https:\\\/\\\/creandolibros.es\\\/encuadernacion-y-acuarela-en-santander-2\\\/#organization\"},\"potentialAction\":[{\"@type\":\"SearchAction\",\"target\":{\"@type\":\"EntryPoint\",\"urlTemplate\":\"https:\\\/\\\/creandolibros.es\\\/encuadernacion-y-acuarela-en-santander-2\\\/?s={search_term_string}\"},\"query-input\":{\"@type\":\"PropertyValueSpecification\",\"valueRequired\":true,\"valueName\":\"search_term_string\"}}],\"inLanguage\":\"es\"},{\"@type\":\"Organization\",\"@id\":\"https:\\\/\\\/creandolibros.es\\\/encuadernacion-y-acuarela-en-santander-2\\\/#organization\",\"name\":\"CreandoLibros\",\"url\":\"https:\\\/\\\/creandolibros.es\\\/encuadernacion-y-acuarela-en-santander-2\\\/\",\"logo\":{\"@type\":\"ImageObject\",\"inLanguage\":\"es\",\"@id\":\"https:\\\/\\\/creandolibros.es\\\/encuadernacion-y-acuarela-en-santander-2\\\/#\\\/schema\\\/logo\\\/image\\\/\",\"url\":\"https:\\\/\\\/creandolibros.es\\\/wp-content\\\/uploads\\\/LOGOTIPO-DEFINITVO-02.png\",\"contentUrl\":\"https:\\\/\\\/creandolibros.es\\\/wp-content\\\/uploads\\\/LOGOTIPO-DEFINITVO-02.png\",\"width\":2362,\"height\":886,\"caption\":\"CreandoLibros\"},\"image\":{\"@id\":\"https:\\\/\\\/creandolibros.es\\\/encuadernacion-y-acuarela-en-santander-2\\\/#\\\/schema\\\/logo\\\/image\\\/\"},\"sameAs\":[\"https:\\\/\\\/www.facebook.com\\\/creandolibrosarte\"]},{\"@type\":\"Person\",\"@id\":\"https:\\\/\\\/creandolibros.es\\\/encuadernacion-y-acuarela-en-santander-2\\\/#\\\/schema\\\/person\\\/d0ac6c38d2699258865759f57007146b\",\"name\":\"Tom\u00e1s\",\"image\":{\"@type\":\"ImageObject\",\"inLanguage\":\"es\",\"@id\":\"https:\\\/\\\/secure.gravatar.com\\\/avatar\\\/f0e55584597bfdd5298259d9739d8f331a4ffccda4f5d13eea5260d6dee3a6fe?s=96&r=g\",\"url\":\"https:\\\/\\\/secure.gravatar.com\\\/avatar\\\/f0e55584597bfdd5298259d9739d8f331a4ffccda4f5d13eea5260d6dee3a6fe?s=96&r=g\",\"contentUrl\":\"https:\\\/\\\/secure.gravatar.com\\\/avatar\\\/f0e55584597bfdd5298259d9739d8f331a4ffccda4f5d13eea5260d6dee3a6fe?s=96&r=g\",\"caption\":\"Tom\u00e1s\"},\"sameAs\":[\"https:\\\/\\\/tomashoya.es\"]}]}<\/script>\n<!-- \/ Yoast SEO plugin. -->","yoast_head_json":{"title":"Clases de creatividad infantil 2023-2024 - Creando libros","description":"Clases de creatividad infantil 2023-2024, en Santander, en Creando Libros. Impartido por Montserrat Mu\u00f1oz y Tom\u00e1s Hoya.","robots":{"index":"index","follow":"follow","max-snippet":"max-snippet:-1","max-image-preview":"max-image-preview:large","max-video-preview":"max-video-preview:-1"},"canonical":"https:\/\/creandolibros.es\/encuadernacion-y-acuarela-en-santander-2\/clases-de-creatividad-infantil-2023-2024\/","og_locale":"es_ES","og_type":"article","og_title":"Clases de creatividad infantil 2023-2024 - Creando libros","og_description":"Clases de creatividad infantil 2023-2024, en Santander, en Creando Libros. Impartido por Montserrat Mu\u00f1oz y Tom\u00e1s Hoya.","og_url":"https:\/\/creandolibros.es\/encuadernacion-y-acuarela-en-santander-2\/clases-de-creatividad-infantil-2023-2024\/","og_site_name":"Creando libros","article_publisher":"https:\/\/www.facebook.com\/creandolibrosarte","article_published_time":"2023-08-28T17:09:20+00:00","article_modified_time":"2023-09-01T19:47:13+00:00","og_image":[{"width":631,"height":900,"url":"https:\/\/creandolibros.es\/wp-content\/uploads\/1-CARTEL-GENERAL-CREATIVIDAD-2023-900-1.jpg","type":"image\/jpeg"}],"author":"Tom\u00e1s","twitter_card":"summary_large_image","schema":{"@context":"https:\/\/schema.org","@graph":[{"@type":"Article","@id":"https:\/\/creandolibros.es\/encuadernacion-y-acuarela-en-santander-2\/clases-de-creatividad-infantil-2023-2024\/#article","isPartOf":{"@id":"https:\/\/creandolibros.es\/encuadernacion-y-acuarela-en-santander-2\/clases-de-creatividad-infantil-2023-2024\/"},"author":{"name":"Tom\u00e1s","@id":"https:\/\/creandolibros.es\/encuadernacion-y-acuarela-en-santander-2\/#\/schema\/person\/d0ac6c38d2699258865759f57007146b"},"headline":"Clases de creatividad infantil 2023-2024","datePublished":"2023-08-28T17:09:20+00:00","dateModified":"2023-09-01T19:47:13+00:00","mainEntityOfPage":{"@id":"https:\/\/creandolibros.es\/encuadernacion-y-acuarela-en-santander-2\/clases-de-creatividad-infantil-2023-2024\/"},"wordCount":198,"commentCount":0,"publisher":{"@id":"https:\/\/creandolibros.es\/encuadernacion-y-acuarela-en-santander-2\/#organization"},"image":{"@id":"https:\/\/creandolibros.es\/encuadernacion-y-acuarela-en-santander-2\/clases-de-creatividad-infantil-2023-2024\/#primaryimage"},"thumbnailUrl":"https:\/\/creandolibros.es\/wp-content\/uploads\/1-CARTEL-GENERAL-CREATIVIDAD-2023-900-1.jpg","keywords":["creatividad","infantil"],"articleSection":["creatividad","Curso","infantil"],"inLanguage":"es","potentialAction":[{"@type":"CommentAction","name":"Comment","target":["https:\/\/creandolibros.es\/encuadernacion-y-acuarela-en-santander-2\/clases-de-creatividad-infantil-2023-2024\/#respond"]}]},{"@type":"WebPage","@id":"https:\/\/creandolibros.es\/encuadernacion-y-acuarela-en-santander-2\/clases-de-creatividad-infantil-2023-2024\/","url":"https:\/\/creandolibros.es\/encuadernacion-y-acuarela-en-santander-2\/clases-de-creatividad-infantil-2023-2024\/","name":"Clases de creatividad infantil 2023-2024 - Creando libros","isPartOf":{"@id":"https:\/\/creandolibros.es\/encuadernacion-y-acuarela-en-santander-2\/#website"},"primaryImageOfPage":{"@id":"https:\/\/creandolibros.es\/encuadernacion-y-acuarela-en-santander-2\/clases-de-creatividad-infantil-2023-2024\/#primaryimage"},"image":{"@id":"https:\/\/creandolibros.es\/encuadernacion-y-acuarela-en-santander-2\/clases-de-creatividad-infantil-2023-2024\/#primaryimage"},"thumbnailUrl":"https:\/\/creandolibros.es\/wp-content\/uploads\/1-CARTEL-GENERAL-CREATIVIDAD-2023-900-1.jpg","datePublished":"2023-08-28T17:09:20+00:00","dateModified":"2023-09-01T19:47:13+00:00","description":"Clases de creatividad infantil 2023-2024, en Santander, en Creando Libros. Impartido por Montserrat Mu\u00f1oz y Tom\u00e1s Hoya.","breadcrumb":{"@id":"https:\/\/creandolibros.es\/encuadernacion-y-acuarela-en-santander-2\/clases-de-creatividad-infantil-2023-2024\/#breadcrumb"},"inLanguage":"es","potentialAction":[{"@type":"ReadAction","target":["https:\/\/creandolibros.es\/encuadernacion-y-acuarela-en-santander-2\/clases-de-creatividad-infantil-2023-2024\/"]}]},{"@type":"ImageObject","inLanguage":"es","@id":"https:\/\/creandolibros.es\/encuadernacion-y-acuarela-en-santander-2\/clases-de-creatividad-infantil-2023-2024\/#primaryimage","url":"https:\/\/creandolibros.es\/wp-content\/uploads\/1-CARTEL-GENERAL-CREATIVIDAD-2023-900-1.jpg","contentUrl":"https:\/\/creandolibros.es\/wp-content\/uploads\/1-CARTEL-GENERAL-CREATIVIDAD-2023-900-1.jpg","width":631,"height":900,"caption":"Clases de creatividad infantil 2023-2024, en Santander, en la escuela Creando libros. Impartido por Montserrat Mu\u00f1oz y Tom\u00e1s Hoya"},{"@type":"BreadcrumbList","@id":"https:\/\/creandolibros.es\/encuadernacion-y-acuarela-en-santander-2\/clases-de-creatividad-infantil-2023-2024\/#breadcrumb","itemListElement":[{"@type":"ListItem","position":1,"name":"Portada","item":"https:\/\/creandolibros.es\/encuadernacion-y-acuarela-en-santander-2\/"},{"@type":"ListItem","position":2,"name":"Clases de creatividad infantil 2023-2024"}]},{"@type":"WebSite","@id":"https:\/\/creandolibros.es\/encuadernacion-y-acuarela-en-santander-2\/#website","url":"https:\/\/creandolibros.es\/encuadernacion-y-acuarela-en-santander-2\/","name":"Creando libros","description":"Escuela de encuadernaci\u00f3n artesanal y t\u00e9cnicas art\u00edsticas","publisher":{"@id":"https:\/\/creandolibros.es\/encuadernacion-y-acuarela-en-santander-2\/#organization"},"potentialAction":[{"@type":"SearchAction","target":{"@type":"EntryPoint","urlTemplate":"https:\/\/creandolibros.es\/encuadernacion-y-acuarela-en-santander-2\/?s={search_term_string}"},"query-input":{"@type":"PropertyValueSpecification","valueRequired":true,"valueName":"search_term_string"}}],"inLanguage":"es"},{"@type":"Organization","@id":"https:\/\/creandolibros.es\/encuadernacion-y-acuarela-en-santander-2\/#organization","name":"CreandoLibros","url":"https:\/\/creandolibros.es\/encuadernacion-y-acuarela-en-santander-2\/","logo":{"@type":"ImageObject","inLanguage":"es","@id":"https:\/\/creandolibros.es\/encuadernacion-y-acuarela-en-santander-2\/#\/schema\/logo\/image\/","url":"https:\/\/creandolibros.es\/wp-content\/uploads\/LOGOTIPO-DEFINITVO-02.png","contentUrl":"https:\/\/creandolibros.es\/wp-content\/uploads\/LOGOTIPO-DEFINITVO-02.png","width":2362,"height":886,"caption":"CreandoLibros"},"image":{"@id":"https:\/\/creandolibros.es\/encuadernacion-y-acuarela-en-santander-2\/#\/schema\/logo\/image\/"},"sameAs":["https:\/\/www.facebook.com\/creandolibrosarte"]},{"@type":"Person","@id":"https:\/\/creandolibros.es\/encuadernacion-y-acuarela-en-santander-2\/#\/schema\/person\/d0ac6c38d2699258865759f57007146b","name":"Tom\u00e1s","image":{"@type":"ImageObject","inLanguage":"es","@id":"https:\/\/secure.gravatar.com\/avatar\/f0e55584597bfdd5298259d9739d8f331a4ffccda4f5d13eea5260d6dee3a6fe?s=96&r=g","url":"https:\/\/secure.gravatar.com\/avatar\/f0e55584597bfdd5298259d9739d8f331a4ffccda4f5d13eea5260d6dee3a6fe?s=96&r=g","contentUrl":"https:\/\/secure.gravatar.com\/avatar\/f0e55584597bfdd5298259d9739d8f331a4ffccda4f5d13eea5260d6dee3a6fe?s=96&r=g","caption":"Tom\u00e1s"},"sameAs":["https:\/\/tomashoya.es"]}]}},"_links":{"self":[{"href":"https:\/\/creandolibros.es\/encuadernacion-y-acuarela-en-santander-2\/wp-json\/wp\/v2\/posts\/1171","targetHints":{"allow":["GET"]}}],"collection":[{"href":"https:\/\/creandolibros.es\/encuadernacion-y-acuarela-en-santander-2\/wp-json\/wp\/v2\/posts"}],"about":[{"href":"https:\/\/creandolibros.es\/encuadernacion-y-acuarela-en-santander-2\/wp-json\/wp\/v2\/types\/post"}],"author":[{"embeddable":true,"href":"https:\/\/creandolibros.es\/encuadernacion-y-acuarela-en-santander-2\/wp-json\/wp\/v2\/users\/2"}],"replies":[{"embeddable":true,"href":"https:\/\/creandolibros.es\/encuadernacion-y-acuarela-en-santander-2\/wp-json\/wp\/v2\/comments?post=1171"}],"version-history":[{"count":3,"href":"https:\/\/creandolibros.es\/encuadernacion-y-acuarela-en-santander-2\/wp-json\/wp\/v2\/posts\/1171\/revisions"}],"predecessor-version":[{"id":1255,"href":"https:\/\/creandolibros.es\/encuadernacion-y-acuarela-en-santander-2\/wp-json\/wp\/v2\/posts\/1171\/revisions\/1255"}],"wp:featuredmedia":[{"embeddable":true,"href":"https:\/\/creandolibros.es\/encuadernacion-y-acuarela-en-santander-2\/wp-json\/wp\/v2\/media\/1254"}],"wp:attachment":[{"href":"https:\/\/creandolibros.es\/encuadernacion-y-acuarela-en-santander-2\/wp-json\/wp\/v2\/media?parent=1171"}],"wp:term":[{"taxonomy":"category","embeddable":true,"href":"https:\/\/creandolibros.es\/encuadernacion-y-acuarela-en-santander-2\/wp-json\/wp\/v2\/categories?post=1171"},{"taxonomy":"post_tag","embeddable":true,"href":"https:\/\/creandolibros.es\/encuadernacion-y-acuarela-en-santander-2\/wp-json\/wp\/v2\/tags?post=1171"}],"curies":[{"name":"wp","href":"https:\/\/api.w.org\/{rel}","templated":true}]}}