{"id":1386,"date":"2023-11-01T21:17:30","date_gmt":"2023-11-01T21:17:30","guid":{"rendered":"https:\/\/creandolibros.es\/encuadernacion-y-acuarela-en-santander-2\/?p=1386"},"modified":"2023-11-01T23:34:21","modified_gmt":"2023-11-01T23:34:21","slug":"taller-de-acuarela-humedo-sobre-humedo","status":"publish","type":"post","link":"https:\/\/creandolibros.es\/encuadernacion-y-acuarela-en-santander-2\/taller-de-acuarela-humedo-sobre-humedo\/","title":{"rendered":"Taller de acuarela \u00abH\u00famedo sobre h\u00famedo\u00bb"},"content":{"rendered":"\n<h2 class=\"wp-block-heading\">Taller de acuarela \u00abH\u00famedo sobre h\u00famedo\u00bb, el 11 de noviembre<\/h2>\n\n\n\n<p>   Taller de acuarela \u00abH\u00famedo sobre h\u00famedo\u00bb el pr\u00f3ximo <strong>11 de noviembre<\/strong>, en Santander. En esta ocasi\u00f3n nos introduciremos en el territorio puramente acu\u00e1tico, quiz\u00e1 el m\u00e1s intimidante, pero sin lugar a dudas el m\u00e1s espectacular y propio de la <a href=\"https:\/\/es.wikipedia.org\/wiki\/Acuarela\">acuarela<\/a>. <br>   Para trabajar h\u00famedo sobre h\u00famedo hay que seguir reglas. Estar atento a las se\u00f1ales. Y no dejar que sea el papel o el agua, quien tome las decisiones. Pondremos en pr\u00e1ctica <a href=\"https:\/\/creandolibros.es\/encuadernacion-y-acuarela-en-santander-2\/clases-de-acuarela\/\">los conocimientos<\/a> que nos permitan tener el control de la situaci\u00f3n, llegando, en \u00faltima estancia, a trabajar capa sobre capa, todo en h\u00famedo.<\/p>\n\n\n\n<p>    El taller est\u00e1 pensado para todo tipo de personas, tengan o no, conocimientos de acuarela. <strong>El precio es de 55 \u20ac, con todo el material incluido<\/strong>. Si alguien quiere traerse su material de trabajo, ser\u00e1 bienvenido. Grupo reducido.<br>Quitaremos miedos e ideas err\u00f3neas. Pero, sobre todo, espero que la asistencia al taller proporcione, aparte de conocimientos, que lo doy por seguro, tambi\u00e9n diversi\u00f3n. Ya que las t\u00e9cnicas de h\u00famedo sobre h\u00famedo, llevadas sin miedo, son divertidas y estimulantes. Diversi\u00f3n y est\u00edmulo, nunca est\u00e1n de m\u00e1s. \ud83d\ude00 \ud83d\ude09<\/p>\n\n\n<div class=\"wp-block-image\">\n<figure class=\"aligncenter size-full\"><img loading=\"lazy\" decoding=\"async\" width=\"601\" height=\"850\" src=\"https:\/\/creandolibros.es\/wp-content\/uploads\/TALLER-ACUARELA-HUMEDO-SOBRE-HUMEDO-11-NOVIEMBRE-2023-850.jpg\" alt=\"Taller de acuarela &quot;H\u00famedo sobre h\u00famedo&quot;, impartido por Tom\u00e1s Hoya Cicero en Creando Libros de Santander\" class=\"wp-image-1393\" srcset=\"https:\/\/creandolibros.es\/wp-content\/uploads\/TALLER-ACUARELA-HUMEDO-SOBRE-HUMEDO-11-NOVIEMBRE-2023-850.jpg 601w, https:\/\/creandolibros.es\/wp-content\/uploads\/TALLER-ACUARELA-HUMEDO-SOBRE-HUMEDO-11-NOVIEMBRE-2023-850-212x300.jpg 212w\" sizes=\"auto, (max-width: 601px) 100vw, 601px\" \/><\/figure>\n<\/div>","protected":false},"excerpt":{"rendered":"<p>Taller de acuarela \u00abH\u00famedo sobre h\u00famedo\u00bb, el 11 de noviembre Taller de acuarela \u00abH\u00famedo sobre h\u00famedo\u00bb el pr\u00f3ximo 11 de noviembre, en Santander. En esta ocasi\u00f3n nos introduciremos en el territorio puramente acu\u00e1tico, quiz\u00e1 el m\u00e1s intimidante, pero sin lugar a dudas el m\u00e1s espectacular y propio de la acuarela. Para trabajar h\u00famedo sobre h\u00famedo [&hellip;]<\/p>\n","protected":false},"author":2,"featured_media":1393,"comment_status":"open","ping_status":"closed","sticky":false,"template":"","format":"standard","meta":{"footnotes":""},"categories":[6,5],"tags":[8,7],"class_list":["post-1386","post","type-post","status-publish","format-standard","has-post-thumbnail","hentry","category-acuarela","category-taller","tag-acuarela","tag-taller","has-thumbnail"],"yoast_head":"<!-- This site is optimized with the Yoast SEO plugin v27.4 - https:\/\/yoast.com\/product\/yoast-seo-wordpress\/ -->\n<title>Taller de acuarela &quot;H\u00famedo sobre h\u00famedo&quot; - Creando libros<\/title>\n<meta name=\"description\" content=\"Taller de acuarela H\u00famedo sobre h\u00famedo impartido en Creando libros, escuela de encuadernaci\u00f3n y t\u00e9cnicas art\u00edsticas de Santander.\" \/>\n<meta name=\"robots\" content=\"index, follow, max-snippet:-1, max-image-preview:large, max-video-preview:-1\" \/>\n<link rel=\"canonical\" href=\"https:\/\/creandolibros.es\/encuadernacion-y-acuarela-en-santander-2\/taller-de-acuarela-humedo-sobre-humedo\/\" \/>\n<meta property=\"og:locale\" content=\"es_ES\" \/>\n<meta property=\"og:type\" content=\"article\" \/>\n<meta property=\"og:title\" content=\"Taller de acuarela &quot;H\u00famedo sobre h\u00famedo&quot; - Creando libros\" \/>\n<meta property=\"og:description\" content=\"Taller de acuarela H\u00famedo sobre h\u00famedo impartido en Creando libros, escuela de encuadernaci\u00f3n y t\u00e9cnicas art\u00edsticas de Santander.\" \/>\n<meta property=\"og:url\" content=\"https:\/\/creandolibros.es\/encuadernacion-y-acuarela-en-santander-2\/taller-de-acuarela-humedo-sobre-humedo\/\" \/>\n<meta property=\"og:site_name\" content=\"Creando libros\" \/>\n<meta property=\"article:publisher\" content=\"https:\/\/www.facebook.com\/creandolibrosarte\" \/>\n<meta property=\"article:published_time\" content=\"2023-11-01T21:17:30+00:00\" \/>\n<meta property=\"article:modified_time\" content=\"2023-11-01T23:34:21+00:00\" \/>\n<meta property=\"og:image\" content=\"https:\/\/creandolibros.es\/wp-content\/uploads\/TALLER-ACUARELA-HUMEDO-SOBRE-HUMEDO-11-NOVIEMBRE-2023-850.jpg\" \/>\n\t<meta property=\"og:image:width\" content=\"601\" \/>\n\t<meta property=\"og:image:height\" content=\"850\" \/>\n\t<meta property=\"og:image:type\" content=\"image\/jpeg\" \/>\n<meta name=\"author\" content=\"Tom\u00e1s\" \/>\n<meta name=\"twitter:card\" content=\"summary_large_image\" \/>\n<script type=\"application\/ld+json\" class=\"yoast-schema-graph\">{\"@context\":\"https:\\\/\\\/schema.org\",\"@graph\":[{\"@type\":\"Article\",\"@id\":\"https:\\\/\\\/creandolibros.es\\\/encuadernacion-y-acuarela-en-santander-2\\\/taller-de-acuarela-humedo-sobre-humedo\\\/#article\",\"isPartOf\":{\"@id\":\"https:\\\/\\\/creandolibros.es\\\/encuadernacion-y-acuarela-en-santander-2\\\/taller-de-acuarela-humedo-sobre-humedo\\\/\"},\"author\":{\"name\":\"Tom\u00e1s\",\"@id\":\"https:\\\/\\\/creandolibros.es\\\/encuadernacion-y-acuarela-en-santander-2\\\/#\\\/schema\\\/person\\\/d0ac6c38d2699258865759f57007146b\"},\"headline\":\"Taller de acuarela \u00abH\u00famedo sobre h\u00famedo\u00bb\",\"datePublished\":\"2023-11-01T21:17:30+00:00\",\"dateModified\":\"2023-11-01T23:34:21+00:00\",\"mainEntityOfPage\":{\"@id\":\"https:\\\/\\\/creandolibros.es\\\/encuadernacion-y-acuarela-en-santander-2\\\/taller-de-acuarela-humedo-sobre-humedo\\\/\"},\"wordCount\":219,\"commentCount\":0,\"publisher\":{\"@id\":\"https:\\\/\\\/creandolibros.es\\\/encuadernacion-y-acuarela-en-santander-2\\\/#organization\"},\"image\":{\"@id\":\"https:\\\/\\\/creandolibros.es\\\/encuadernacion-y-acuarela-en-santander-2\\\/taller-de-acuarela-humedo-sobre-humedo\\\/#primaryimage\"},\"thumbnailUrl\":\"https:\\\/\\\/creandolibros.es\\\/wp-content\\\/uploads\\\/TALLER-ACUARELA-HUMEDO-SOBRE-HUMEDO-11-NOVIEMBRE-2023-850.jpg\",\"keywords\":[\"acuarela\",\"taller\"],\"articleSection\":[\"Acuarela\",\"Taller\"],\"inLanguage\":\"es\",\"potentialAction\":[{\"@type\":\"CommentAction\",\"name\":\"Comment\",\"target\":[\"https:\\\/\\\/creandolibros.es\\\/encuadernacion-y-acuarela-en-santander-2\\\/taller-de-acuarela-humedo-sobre-humedo\\\/#respond\"]}]},{\"@type\":\"WebPage\",\"@id\":\"https:\\\/\\\/creandolibros.es\\\/encuadernacion-y-acuarela-en-santander-2\\\/taller-de-acuarela-humedo-sobre-humedo\\\/\",\"url\":\"https:\\\/\\\/creandolibros.es\\\/encuadernacion-y-acuarela-en-santander-2\\\/taller-de-acuarela-humedo-sobre-humedo\\\/\",\"name\":\"Taller de acuarela \\\"H\u00famedo sobre h\u00famedo\\\" - Creando libros\",\"isPartOf\":{\"@id\":\"https:\\\/\\\/creandolibros.es\\\/encuadernacion-y-acuarela-en-santander-2\\\/#website\"},\"primaryImageOfPage\":{\"@id\":\"https:\\\/\\\/creandolibros.es\\\/encuadernacion-y-acuarela-en-santander-2\\\/taller-de-acuarela-humedo-sobre-humedo\\\/#primaryimage\"},\"image\":{\"@id\":\"https:\\\/\\\/creandolibros.es\\\/encuadernacion-y-acuarela-en-santander-2\\\/taller-de-acuarela-humedo-sobre-humedo\\\/#primaryimage\"},\"thumbnailUrl\":\"https:\\\/\\\/creandolibros.es\\\/wp-content\\\/uploads\\\/TALLER-ACUARELA-HUMEDO-SOBRE-HUMEDO-11-NOVIEMBRE-2023-850.jpg\",\"datePublished\":\"2023-11-01T21:17:30+00:00\",\"dateModified\":\"2023-11-01T23:34:21+00:00\",\"description\":\"Taller de acuarela H\u00famedo sobre h\u00famedo impartido en Creando libros, escuela de encuadernaci\u00f3n y t\u00e9cnicas art\u00edsticas de Santander.\",\"breadcrumb\":{\"@id\":\"https:\\\/\\\/creandolibros.es\\\/encuadernacion-y-acuarela-en-santander-2\\\/taller-de-acuarela-humedo-sobre-humedo\\\/#breadcrumb\"},\"inLanguage\":\"es\",\"potentialAction\":[{\"@type\":\"ReadAction\",\"target\":[\"https:\\\/\\\/creandolibros.es\\\/encuadernacion-y-acuarela-en-santander-2\\\/taller-de-acuarela-humedo-sobre-humedo\\\/\"]}]},{\"@type\":\"ImageObject\",\"inLanguage\":\"es\",\"@id\":\"https:\\\/\\\/creandolibros.es\\\/encuadernacion-y-acuarela-en-santander-2\\\/taller-de-acuarela-humedo-sobre-humedo\\\/#primaryimage\",\"url\":\"https:\\\/\\\/creandolibros.es\\\/wp-content\\\/uploads\\\/TALLER-ACUARELA-HUMEDO-SOBRE-HUMEDO-11-NOVIEMBRE-2023-850.jpg\",\"contentUrl\":\"https:\\\/\\\/creandolibros.es\\\/wp-content\\\/uploads\\\/TALLER-ACUARELA-HUMEDO-SOBRE-HUMEDO-11-NOVIEMBRE-2023-850.jpg\",\"width\":601,\"height\":850,\"caption\":\"Taller de acuarela \\\"H\u00famedo sobre h\u00famedo\\\", impartido por Tom\u00e1s Hoya Cicero en Creando Libros de Santander\"},{\"@type\":\"BreadcrumbList\",\"@id\":\"https:\\\/\\\/creandolibros.es\\\/encuadernacion-y-acuarela-en-santander-2\\\/taller-de-acuarela-humedo-sobre-humedo\\\/#breadcrumb\",\"itemListElement\":[{\"@type\":\"ListItem\",\"position\":1,\"name\":\"Portada\",\"item\":\"https:\\\/\\\/creandolibros.es\\\/encuadernacion-y-acuarela-en-santander-2\\\/\"},{\"@type\":\"ListItem\",\"position\":2,\"name\":\"Taller de acuarela \u00abH\u00famedo sobre h\u00famedo\u00bb\"}]},{\"@type\":\"WebSite\",\"@id\":\"https:\\\/\\\/creandolibros.es\\\/encuadernacion-y-acuarela-en-santander-2\\\/#website\",\"url\":\"https:\\\/\\\/creandolibros.es\\\/encuadernacion-y-acuarela-en-santander-2\\\/\",\"name\":\"Creando libros\",\"description\":\"Escuela de encuadernaci\u00f3n artesanal y t\u00e9cnicas art\u00edsticas\",\"publisher\":{\"@id\":\"https:\\\/\\\/creandolibros.es\\\/encuadernacion-y-acuarela-en-santander-2\\\/#organization\"},\"potentialAction\":[{\"@type\":\"SearchAction\",\"target\":{\"@type\":\"EntryPoint\",\"urlTemplate\":\"https:\\\/\\\/creandolibros.es\\\/encuadernacion-y-acuarela-en-santander-2\\\/?s={search_term_string}\"},\"query-input\":{\"@type\":\"PropertyValueSpecification\",\"valueRequired\":true,\"valueName\":\"search_term_string\"}}],\"inLanguage\":\"es\"},{\"@type\":\"Organization\",\"@id\":\"https:\\\/\\\/creandolibros.es\\\/encuadernacion-y-acuarela-en-santander-2\\\/#organization\",\"name\":\"CreandoLibros\",\"url\":\"https:\\\/\\\/creandolibros.es\\\/encuadernacion-y-acuarela-en-santander-2\\\/\",\"logo\":{\"@type\":\"ImageObject\",\"inLanguage\":\"es\",\"@id\":\"https:\\\/\\\/creandolibros.es\\\/encuadernacion-y-acuarela-en-santander-2\\\/#\\\/schema\\\/logo\\\/image\\\/\",\"url\":\"https:\\\/\\\/creandolibros.es\\\/wp-content\\\/uploads\\\/LOGOTIPO-DEFINITVO-02.png\",\"contentUrl\":\"https:\\\/\\\/creandolibros.es\\\/wp-content\\\/uploads\\\/LOGOTIPO-DEFINITVO-02.png\",\"width\":2362,\"height\":886,\"caption\":\"CreandoLibros\"},\"image\":{\"@id\":\"https:\\\/\\\/creandolibros.es\\\/encuadernacion-y-acuarela-en-santander-2\\\/#\\\/schema\\\/logo\\\/image\\\/\"},\"sameAs\":[\"https:\\\/\\\/www.facebook.com\\\/creandolibrosarte\"]},{\"@type\":\"Person\",\"@id\":\"https:\\\/\\\/creandolibros.es\\\/encuadernacion-y-acuarela-en-santander-2\\\/#\\\/schema\\\/person\\\/d0ac6c38d2699258865759f57007146b\",\"name\":\"Tom\u00e1s\",\"image\":{\"@type\":\"ImageObject\",\"inLanguage\":\"es\",\"@id\":\"https:\\\/\\\/secure.gravatar.com\\\/avatar\\\/f0e55584597bfdd5298259d9739d8f331a4ffccda4f5d13eea5260d6dee3a6fe?s=96&r=g\",\"url\":\"https:\\\/\\\/secure.gravatar.com\\\/avatar\\\/f0e55584597bfdd5298259d9739d8f331a4ffccda4f5d13eea5260d6dee3a6fe?s=96&r=g\",\"contentUrl\":\"https:\\\/\\\/secure.gravatar.com\\\/avatar\\\/f0e55584597bfdd5298259d9739d8f331a4ffccda4f5d13eea5260d6dee3a6fe?s=96&r=g\",\"caption\":\"Tom\u00e1s\"},\"sameAs\":[\"https:\\\/\\\/tomashoya.es\"]}]}<\/script>\n<!-- \/ Yoast SEO plugin. -->","yoast_head_json":{"title":"Taller de acuarela \"H\u00famedo sobre h\u00famedo\" - Creando libros","description":"Taller de acuarela H\u00famedo sobre h\u00famedo impartido en Creando libros, escuela de encuadernaci\u00f3n y t\u00e9cnicas art\u00edsticas de Santander.","robots":{"index":"index","follow":"follow","max-snippet":"max-snippet:-1","max-image-preview":"max-image-preview:large","max-video-preview":"max-video-preview:-1"},"canonical":"https:\/\/creandolibros.es\/encuadernacion-y-acuarela-en-santander-2\/taller-de-acuarela-humedo-sobre-humedo\/","og_locale":"es_ES","og_type":"article","og_title":"Taller de acuarela \"H\u00famedo sobre h\u00famedo\" - Creando libros","og_description":"Taller de acuarela H\u00famedo sobre h\u00famedo impartido en Creando libros, escuela de encuadernaci\u00f3n y t\u00e9cnicas art\u00edsticas de Santander.","og_url":"https:\/\/creandolibros.es\/encuadernacion-y-acuarela-en-santander-2\/taller-de-acuarela-humedo-sobre-humedo\/","og_site_name":"Creando libros","article_publisher":"https:\/\/www.facebook.com\/creandolibrosarte","article_published_time":"2023-11-01T21:17:30+00:00","article_modified_time":"2023-11-01T23:34:21+00:00","og_image":[{"width":601,"height":850,"url":"https:\/\/creandolibros.es\/wp-content\/uploads\/TALLER-ACUARELA-HUMEDO-SOBRE-HUMEDO-11-NOVIEMBRE-2023-850.jpg","type":"image\/jpeg"}],"author":"Tom\u00e1s","twitter_card":"summary_large_image","schema":{"@context":"https:\/\/schema.org","@graph":[{"@type":"Article","@id":"https:\/\/creandolibros.es\/encuadernacion-y-acuarela-en-santander-2\/taller-de-acuarela-humedo-sobre-humedo\/#article","isPartOf":{"@id":"https:\/\/creandolibros.es\/encuadernacion-y-acuarela-en-santander-2\/taller-de-acuarela-humedo-sobre-humedo\/"},"author":{"name":"Tom\u00e1s","@id":"https:\/\/creandolibros.es\/encuadernacion-y-acuarela-en-santander-2\/#\/schema\/person\/d0ac6c38d2699258865759f57007146b"},"headline":"Taller de acuarela \u00abH\u00famedo sobre h\u00famedo\u00bb","datePublished":"2023-11-01T21:17:30+00:00","dateModified":"2023-11-01T23:34:21+00:00","mainEntityOfPage":{"@id":"https:\/\/creandolibros.es\/encuadernacion-y-acuarela-en-santander-2\/taller-de-acuarela-humedo-sobre-humedo\/"},"wordCount":219,"commentCount":0,"publisher":{"@id":"https:\/\/creandolibros.es\/encuadernacion-y-acuarela-en-santander-2\/#organization"},"image":{"@id":"https:\/\/creandolibros.es\/encuadernacion-y-acuarela-en-santander-2\/taller-de-acuarela-humedo-sobre-humedo\/#primaryimage"},"thumbnailUrl":"https:\/\/creandolibros.es\/wp-content\/uploads\/TALLER-ACUARELA-HUMEDO-SOBRE-HUMEDO-11-NOVIEMBRE-2023-850.jpg","keywords":["acuarela","taller"],"articleSection":["Acuarela","Taller"],"inLanguage":"es","potentialAction":[{"@type":"CommentAction","name":"Comment","target":["https:\/\/creandolibros.es\/encuadernacion-y-acuarela-en-santander-2\/taller-de-acuarela-humedo-sobre-humedo\/#respond"]}]},{"@type":"WebPage","@id":"https:\/\/creandolibros.es\/encuadernacion-y-acuarela-en-santander-2\/taller-de-acuarela-humedo-sobre-humedo\/","url":"https:\/\/creandolibros.es\/encuadernacion-y-acuarela-en-santander-2\/taller-de-acuarela-humedo-sobre-humedo\/","name":"Taller de acuarela \"H\u00famedo sobre h\u00famedo\" - Creando libros","isPartOf":{"@id":"https:\/\/creandolibros.es\/encuadernacion-y-acuarela-en-santander-2\/#website"},"primaryImageOfPage":{"@id":"https:\/\/creandolibros.es\/encuadernacion-y-acuarela-en-santander-2\/taller-de-acuarela-humedo-sobre-humedo\/#primaryimage"},"image":{"@id":"https:\/\/creandolibros.es\/encuadernacion-y-acuarela-en-santander-2\/taller-de-acuarela-humedo-sobre-humedo\/#primaryimage"},"thumbnailUrl":"https:\/\/creandolibros.es\/wp-content\/uploads\/TALLER-ACUARELA-HUMEDO-SOBRE-HUMEDO-11-NOVIEMBRE-2023-850.jpg","datePublished":"2023-11-01T21:17:30+00:00","dateModified":"2023-11-01T23:34:21+00:00","description":"Taller de acuarela H\u00famedo sobre h\u00famedo impartido en Creando libros, escuela de encuadernaci\u00f3n y t\u00e9cnicas art\u00edsticas de Santander.","breadcrumb":{"@id":"https:\/\/creandolibros.es\/encuadernacion-y-acuarela-en-santander-2\/taller-de-acuarela-humedo-sobre-humedo\/#breadcrumb"},"inLanguage":"es","potentialAction":[{"@type":"ReadAction","target":["https:\/\/creandolibros.es\/encuadernacion-y-acuarela-en-santander-2\/taller-de-acuarela-humedo-sobre-humedo\/"]}]},{"@type":"ImageObject","inLanguage":"es","@id":"https:\/\/creandolibros.es\/encuadernacion-y-acuarela-en-santander-2\/taller-de-acuarela-humedo-sobre-humedo\/#primaryimage","url":"https:\/\/creandolibros.es\/wp-content\/uploads\/TALLER-ACUARELA-HUMEDO-SOBRE-HUMEDO-11-NOVIEMBRE-2023-850.jpg","contentUrl":"https:\/\/creandolibros.es\/wp-content\/uploads\/TALLER-ACUARELA-HUMEDO-SOBRE-HUMEDO-11-NOVIEMBRE-2023-850.jpg","width":601,"height":850,"caption":"Taller de acuarela \"H\u00famedo sobre h\u00famedo\", impartido por Tom\u00e1s Hoya Cicero en Creando Libros de Santander"},{"@type":"BreadcrumbList","@id":"https:\/\/creandolibros.es\/encuadernacion-y-acuarela-en-santander-2\/taller-de-acuarela-humedo-sobre-humedo\/#breadcrumb","itemListElement":[{"@type":"ListItem","position":1,"name":"Portada","item":"https:\/\/creandolibros.es\/encuadernacion-y-acuarela-en-santander-2\/"},{"@type":"ListItem","position":2,"name":"Taller de acuarela \u00abH\u00famedo sobre h\u00famedo\u00bb"}]},{"@type":"WebSite","@id":"https:\/\/creandolibros.es\/encuadernacion-y-acuarela-en-santander-2\/#website","url":"https:\/\/creandolibros.es\/encuadernacion-y-acuarela-en-santander-2\/","name":"Creando libros","description":"Escuela de encuadernaci\u00f3n artesanal y t\u00e9cnicas art\u00edsticas","publisher":{"@id":"https:\/\/creandolibros.es\/encuadernacion-y-acuarela-en-santander-2\/#organization"},"potentialAction":[{"@type":"SearchAction","target":{"@type":"EntryPoint","urlTemplate":"https:\/\/creandolibros.es\/encuadernacion-y-acuarela-en-santander-2\/?s={search_term_string}"},"query-input":{"@type":"PropertyValueSpecification","valueRequired":true,"valueName":"search_term_string"}}],"inLanguage":"es"},{"@type":"Organization","@id":"https:\/\/creandolibros.es\/encuadernacion-y-acuarela-en-santander-2\/#organization","name":"CreandoLibros","url":"https:\/\/creandolibros.es\/encuadernacion-y-acuarela-en-santander-2\/","logo":{"@type":"ImageObject","inLanguage":"es","@id":"https:\/\/creandolibros.es\/encuadernacion-y-acuarela-en-santander-2\/#\/schema\/logo\/image\/","url":"https:\/\/creandolibros.es\/wp-content\/uploads\/LOGOTIPO-DEFINITVO-02.png","contentUrl":"https:\/\/creandolibros.es\/wp-content\/uploads\/LOGOTIPO-DEFINITVO-02.png","width":2362,"height":886,"caption":"CreandoLibros"},"image":{"@id":"https:\/\/creandolibros.es\/encuadernacion-y-acuarela-en-santander-2\/#\/schema\/logo\/image\/"},"sameAs":["https:\/\/www.facebook.com\/creandolibrosarte"]},{"@type":"Person","@id":"https:\/\/creandolibros.es\/encuadernacion-y-acuarela-en-santander-2\/#\/schema\/person\/d0ac6c38d2699258865759f57007146b","name":"Tom\u00e1s","image":{"@type":"ImageObject","inLanguage":"es","@id":"https:\/\/secure.gravatar.com\/avatar\/f0e55584597bfdd5298259d9739d8f331a4ffccda4f5d13eea5260d6dee3a6fe?s=96&r=g","url":"https:\/\/secure.gravatar.com\/avatar\/f0e55584597bfdd5298259d9739d8f331a4ffccda4f5d13eea5260d6dee3a6fe?s=96&r=g","contentUrl":"https:\/\/secure.gravatar.com\/avatar\/f0e55584597bfdd5298259d9739d8f331a4ffccda4f5d13eea5260d6dee3a6fe?s=96&r=g","caption":"Tom\u00e1s"},"sameAs":["https:\/\/tomashoya.es"]}]}},"_links":{"self":[{"href":"https:\/\/creandolibros.es\/encuadernacion-y-acuarela-en-santander-2\/wp-json\/wp\/v2\/posts\/1386","targetHints":{"allow":["GET"]}}],"collection":[{"href":"https:\/\/creandolibros.es\/encuadernacion-y-acuarela-en-santander-2\/wp-json\/wp\/v2\/posts"}],"about":[{"href":"https:\/\/creandolibros.es\/encuadernacion-y-acuarela-en-santander-2\/wp-json\/wp\/v2\/types\/post"}],"author":[{"embeddable":true,"href":"https:\/\/creandolibros.es\/encuadernacion-y-acuarela-en-santander-2\/wp-json\/wp\/v2\/users\/2"}],"replies":[{"embeddable":true,"href":"https:\/\/creandolibros.es\/encuadernacion-y-acuarela-en-santander-2\/wp-json\/wp\/v2\/comments?post=1386"}],"version-history":[{"count":5,"href":"https:\/\/creandolibros.es\/encuadernacion-y-acuarela-en-santander-2\/wp-json\/wp\/v2\/posts\/1386\/revisions"}],"predecessor-version":[{"id":1405,"href":"https:\/\/creandolibros.es\/encuadernacion-y-acuarela-en-santander-2\/wp-json\/wp\/v2\/posts\/1386\/revisions\/1405"}],"wp:featuredmedia":[{"embeddable":true,"href":"https:\/\/creandolibros.es\/encuadernacion-y-acuarela-en-santander-2\/wp-json\/wp\/v2\/media\/1393"}],"wp:attachment":[{"href":"https:\/\/creandolibros.es\/encuadernacion-y-acuarela-en-santander-2\/wp-json\/wp\/v2\/media?parent=1386"}],"wp:term":[{"taxonomy":"category","embeddable":true,"href":"https:\/\/creandolibros.es\/encuadernacion-y-acuarela-en-santander-2\/wp-json\/wp\/v2\/categories?post=1386"},{"taxonomy":"post_tag","embeddable":true,"href":"https:\/\/creandolibros.es\/encuadernacion-y-acuarela-en-santander-2\/wp-json\/wp\/v2\/tags?post=1386"}],"curies":[{"name":"wp","href":"https:\/\/api.w.org\/{rel}","templated":true}]}}